{"id":1,"date":"2019-08-07T12:38:25","date_gmt":"2019-08-07T10:38:25","guid":{"rendered":"http:\/\/41.231.36.251\/?p=1"},"modified":"2019-08-22T12:50:18","modified_gmt":"2019-08-22T10:50:18","slug":"bonjour-tout-le-monde","status":"publish","type":"post","link":"http:\/\/cenaffif.nat.tn\/index.php\/2019\/08\/07\/bonjour-tout-le-monde\/","title":{"rendered":"Dans le cadre d\u2019un projet financ\u00e9 par la BID : Le CENAFFIF renforce la r\u00e9activit\u00e9 des centres de formation professionnelle des r\u00e9gions Nord-Ouest et Sud- Ouest !"},"content":{"rendered":"\n<p class=\"has-text-color has-vivid-cyan-blue-color\"><strong>Le d\u00e9veloppement socio-\u00e9conomique des r\u00e9gions internes occupe davantage une place consid\u00e9rable dans les strat\u00e9gies gouvernementales. Il pr\u00e9sente un choix irr\u00e9prochable permettant d\u2019instaurer l\u2019\u00e9quit\u00e9 entre les r\u00e9gions \u00e0 travers la correction des failles structurelles dont souffrent les r\u00e9gions internes et l\u2018exploitation des opportunit\u00e9s qu\u2019elles offrent \u00e0 fin d\u2019\u00e9tendre sa base \u00e9conomique et de contrer par cons\u00e9quent le taux de ch\u00f4mage de sa population active.<\/strong><\/p>\n\n\n\n<p class=\"has-text-color has-vivid-cyan-blue-color\"><strong>La formation professionnelle constitue de son c\u00f4t\u00e9 un pilier de d\u00e9veloppement \u00e9conomique des r\u00e9gions internes en assurant l\u2019ad\u00e9quation entre leurs besoins sp\u00e9cifiques en main d\u2019\u0153uvre qualifi\u00e9e et les sp\u00e9cialit\u00e9s de formation propos\u00e9es par les centres de formation professionnelle.<\/strong><\/p>\n\n\n\n<p><\/p>\n\n\n\n<p>Dans ce cadre, le projet \u201c Programme de d\u00e9veloppement du dispositif de la formation et de l\u2019apprentissage pour les r\u00e9gions Nord-Ouest et Sud-Ouest g\u00e9r\u00e9 par le CENAFFIF a de quoi promouvoir la r\u00e9activit\u00e9 de la formation professionnelle et de quoi dynamiser l\u2019\u00e9conomie dans ces r\u00e9gions.<\/p>\n\n\n\n<p>Ce programme est un projet financ\u00e9 par la Banque Islamique de D\u00e9veloppement ayant comme principal objectif la restructuration des centres de formation relevant de l\u2019ATFP des gouvernorats de Jendouba, de Kef et de Kebili pour renforcer leur contribution au d\u00e9veloppement r\u00e9gional.<\/p>\n\n\n\n<p>La premi\u00e8re phase de ce projet a \u00e9t\u00e9 r\u00e9alis\u00e9e entre 2015 et 2016 et consistait \u00e0 nouer encore plus de partenariats avec les professionnels en pr\u00e9sentant, lors de trois s\u00e9minaires, une feuille de route qui comporte les bonnes pratiques \u00e0 adopter pour servir cet int\u00e9r\u00eat. Ces rencontres \u00e9taient une occasion pour sensibiliser les professionnels sur les nouveaux horizons de d\u00e9veloppement r\u00e9gional que la restructuration des centres de la r\u00e9gion peut offrir et pour les engager dans cette dynamique d\u2019\u00e9volution.<\/p>\n\n\n\n<p>L\u2019\u00e9laboration de nouveaux programmes de formation et le d\u00e9veloppement du portefeuille de comp\u00e9tences p\u00e9dagogiques et techniques des formateurs constituent les vis\u00e9es principales de la deuxi\u00e8me phase de ce projet.<\/p>\n\n\n\n<p>En effet, cinq nouveaux programmes ont \u00e9t\u00e9 \u00e9labor\u00e9s en s\u2019alignant sur les besoins des individus et des entreprises des r\u00e9gions concern\u00e9es et qui portent sur les sp\u00e9cialit\u00e9s suivantes&nbsp;: Brevet de Technicien Professionnel en charpentier de marine l\u00e9g\u00e8re, Brevet de Technicien Sup\u00e9rieur en domotique, Brevet de Technicien Sup\u00e9rieur conducteur de travaux en b\u00e2timent, Certificat d\u2019Aptitude Professionnelle en peinture b\u00e2timent et Brevet de Technicien Sup\u00e9rieur en installation des syst\u00e8mes solaires.<\/p>\n\n\n\n<p>Pour ce qui est de d\u00e9veloppement des comp\u00e9tences p\u00e9dagogiques et techniques des formateurs, plusieurs sessions de formation p\u00e9dagogiques et techniques ont \u00e9t\u00e9 organis\u00e9es. Ces formations ont profit\u00e9 \u00e0 225 formateurs et se sont articul\u00e9es, en ce qui concerne le volet technique, autour de 13 domaines dont l\u2019\u00e9lectricit\u00e9, l\u2019\u00e9lectronique, la m\u00e9canique g\u00e9n\u00e9rale, la construction m\u00e9tallique, le textile et habillement, la menuiserie aluminium, l\u2019\u00e9nergie renouvelable et l\u2019\u00e9nergie solaire.<\/p>\n","protected":false},"excerpt":{"rendered":"<p>Le d\u00e9veloppement socio-\u00e9conomique des r\u00e9gions internes occupe davantage une place consid\u00e9rable dans les strat\u00e9gies gouvernementales. Il pr\u00e9sente un choix irr\u00e9prochable&hellip;<\/p>\n","protected":false},"author":1,"featured_media":74,"comment_status":"closed","ping_status":"closed","sticky":false,"template":"","format":"standard","meta":[],"categories":[1],"tags":[],"_links":{"self":[{"href":"http:\/\/cenaffif.nat.tn\/index.php\/wp-json\/wp\/v2\/posts\/1"}],"collection":[{"href":"http:\/\/cenaffif.nat.tn\/index.php\/wp-json\/wp\/v2\/posts"}],"about":[{"href":"http:\/\/cenaffif.nat.tn\/index.php\/wp-json\/wp\/v2\/types\/post"}],"author":[{"embeddable":true,"href":"http:\/\/cenaffif.nat.tn\/index.php\/wp-json\/wp\/v2\/users\/1"}],"replies":[{"embeddable":true,"href":"http:\/\/cenaffif.nat.tn\/index.php\/wp-json\/wp\/v2\/comments?post=1"}],"version-history":[{"count":3,"href":"http:\/\/cenaffif.nat.tn\/index.php\/wp-json\/wp\/v2\/posts\/1\/revisions"}],"predecessor-version":[{"id":73,"href":"http:\/\/cenaffif.nat.tn\/index.php\/wp-json\/wp\/v2\/posts\/1\/revisions\/73"}],"wp:featuredmedia":[{"embeddable":true,"href":"http:\/\/cenaffif.nat.tn\/index.php\/wp-json\/wp\/v2\/media\/74"}],"wp:attachment":[{"href":"http:\/\/cenaffif.nat.tn\/index.php\/wp-json\/wp\/v2\/media?parent=1"}],"wp:term":[{"taxonomy":"category","embeddable":true,"href":"http:\/\/cenaffif.nat.tn\/index.php\/wp-json\/wp\/v2\/categories?post=1"},{"taxonomy":"post_tag","embeddable":true,"href":"http:\/\/cenaffif.nat.tn\/index.php\/wp-json\/wp\/v2\/tags?post=1"}],"curies":[{"name":"wp","href":"https:\/\/api.w.org\/{rel}","templated":true}]}}