{"id":203,"date":"2018-07-16T11:39:16","date_gmt":"2018-07-16T09:39:16","guid":{"rendered":"http:\/\/web.cenaffif.nat.tn\/?p=203"},"modified":"2020-07-16T14:34:39","modified_gmt":"2020-07-16T12:34:39","slug":"nos-partenaires","status":"publish","type":"post","link":"http:\/\/cenaffif.nat.tn\/index.php\/2018\/07\/16\/nos-partenaires\/","title":{"rendered":"Nos Partenaires"},"content":{"rendered":"<p>&nbsp;<\/p>\n<p>&nbsp;<\/p>\n<p>&nbsp;<\/p>\n<p>&nbsp;<\/p>\n<p>&nbsp;<\/p>\n<p>&nbsp;<\/p>\n<p>&nbsp;<\/p>\n<p>&nbsp;<\/p>\n<p>Que ce soit pour l\u2019impr\u00e9gnation d\u2019un savoir faire d\u00e9velopp\u00e9 ou pour le renforcement de ses ressources, le CENAFFIF a \u00e9rig\u00e9 un r\u00e9seau de partenariat international de grande ampleur.<\/p>\n<p>Plusieurs actions avant-gardistes ont \u00e9t\u00e9 r\u00e9alis\u00e9es dans le cadre de ce partenariat et essentiellement avec des organismes internationaux de valeur ayant une vocation similaire.<\/p>\n<p>On vous pr\u00e9sente ici un aper\u00e7u sur les retomb\u00e9es clefs dudit partenariat\u00a0:<\/p>\n<ul>\n<li>Le CENAFFIF a collabor\u00e9 avec<strong> l\u2019AFPA<\/strong> qui pr\u00e9sentait le ma\u00eetre d\u2019ouvrage d\u00e9l\u00e9gu\u00e9 pour la r\u00e9alisation des composantes immat\u00e9rielles des projets de cr\u00e9ation et de r\u00e9habilitation des centres sectoriels de formation dans les secteurs du b\u00e2timent, de la soudure, de la construction m\u00e9tallique et des m\u00e9tiers de l\u2019industrie a\u00e9ronautique<\/li>\n<\/ul>\n<ul>\n<li>Le <strong>CNAM<\/strong> a mis en vigueur la fonction de prospective au sein du CENAFFIF qui consiste en la dotation de comp\u00e9tences relatives \u00e0 de nouvelles voix en partenariat, l\u2019instauration d\u2019un Master en ing\u00e9nierie de formation et la formation des examinateurs de la VAE.<\/li>\n<\/ul>\n<ul>\n<li>Le partenariat entre <strong>SWISSCONTACT<\/strong> et le CENAFFIF (financ\u00e9 par la coop\u00e9ration suisse) s\u2019est ax\u00e9 sur l\u2019am\u00e9lioration des comp\u00e9tences des formateurs \u00e0 travers l\u2019organisation de modules de formation en p\u00e9dagogie entrepreneuriale, la promotion de la certification public-priv\u00e9 des formations.<\/li>\n<\/ul>\n<p><strong>(Coop\u00e9ration Triangulaire Tuniso-Y\u00e9m\u00e9nite-Japonaise)<\/strong><\/p>\n<ul>\n<li>Dans le cadre d\u2019une coop\u00e9ration triangulaire Tuniso-Y\u00e9m\u00e9nite- Japonaise, le CENAFFIF a prodigu\u00e9 des formations techniques et p\u00e9dagogiques selon l\u2019approche par comp\u00e9tences au b\u00e9n\u00e9fice de formateurs Y\u00e9m\u00e9nites dans le secteur de la m\u00e9canique automobile.<\/li>\n<\/ul>\n<ul>\n<li>La collaboration qui a \u00e9t\u00e9 engag\u00e9e entre le CENAFFIF et <strong>l\u2019OIF<\/strong> s\u2019est centr\u00e9e sur le renforcement de la r\u00e9forme de la formation professionnelle dans les pays francophones.<\/li>\n<\/ul>\n<p>Elle a concern\u00e9 principalement les programmes exploit\u00e9s dans les politiques de la formation professionnelle, l\u2019approche p\u00e9dagogique mobilis\u00e9e dans la formation \u00e9tant l\u2019approche par comp\u00e9tence et la formation portant sur l\u2019entreprenariat et le travail ind\u00e9pendant.<\/p>\n<ul>\n<li>Cet acte de partenariat avec <strong>BRITISH COUNCIL<\/strong> visait la consolidation et l\u2019incarnation de la pratique de la langue Anglaise dans le dispositif de la formation professionnelle. Et ce, dans le but d\u2019am\u00e9liorer l\u2019employabilit\u00e9 des dipl\u00f4m\u00e9s.<\/li>\n<\/ul>\n<p>Les axes clefs autour desquels s\u2019est articul\u00e9e cette \u0153uvre sont la formation des formateurs (certification TKT de l\u2019universit\u00e9 de Cambridge), la r\u00e9vision des programmes et des contenus de formation et l\u2019am\u00e9lioration des approches p\u00e9dagogiques.<\/p>\n<p><strong>(Coop\u00e9ration bilat\u00e9rale Tuniso-Belge)<\/strong><\/p>\n<p>L\u2019objectif principal de ce projet \u00e9tait le renforcement de l\u2019apprentissage de la langue Fran\u00e7aise \u00ab cibl\u00e9e m\u00e9tiers \u00bb dans les parcours de formation.<\/p>\n<p><strong>(Coop\u00e9ration Tuniso-Allemande)<\/strong><\/p>\n<p>Dans ce cadre, le CENAFFIF a particip\u00e9 \u00e0 la mise en \u0153uvre de certains projets en l\u2019occurrence celui du\u00a0 \u00ab\u00a0Pacte pour l\u2019emploi en Tunisie\u00a0\u00bb.<\/p>\n<p>Ce projet ayant comme vis\u00e9e l\u2019am\u00e9lioration de l\u2019employabilit\u00e9 des jeunes en adaptant la formation professionnelle initiale et continue aux besoins des entreprises.<\/p>\n<p>Il a touch\u00e9 principalement neuf centres dans les secteurs \u00e9lectrom\u00e9caniques et habillement, m\u00e9canique auto, h\u00f4tellerie et \u00e9nergies renouvelables.<\/p>\n<p><strong>La coop\u00e9ration avec GIZ<\/strong><\/p>\n<p>a d\u00e9bouch\u00e9 sur la cr\u00e9ation d\u2019un portail d\u2019acc\u00e8s et d\u2019am\u00e9lioration de l\u2019emploi.\u00a0Ce portail a comme vocation le lancement et la mise en \u0153uvre d\u2019approches favorables au d\u00e9veloppement de l\u2019emploi, avec des programmes de formations et d\u2019insertion dans des entreprises de diff\u00e9rents secteurs d\u2019activit\u00e9s.<\/p>","protected":false},"excerpt":{"rendered":"<p>&nbsp; &nbsp; &nbsp; &nbsp; &nbsp; &nbsp; &nbsp; &nbsp; Que ce soit pour l\u2019impr\u00e9gnation d\u2019un savoir faire d\u00e9velopp\u00e9 ou pour le&hellip;<\/p>\n","protected":false},"author":1,"featured_media":206,"comment_status":"closed","ping_status":"closed","sticky":false,"template":"","format":"standard","meta":[],"categories":[5],"tags":[],"_links":{"self":[{"href":"http:\/\/cenaffif.nat.tn\/index.php\/wp-json\/wp\/v2\/posts\/203"}],"collection":[{"href":"http:\/\/cenaffif.nat.tn\/index.php\/wp-json\/wp\/v2\/posts"}],"about":[{"href":"http:\/\/cenaffif.nat.tn\/index.php\/wp-json\/wp\/v2\/types\/post"}],"author":[{"embeddable":true,"href":"http:\/\/cenaffif.nat.tn\/index.php\/wp-json\/wp\/v2\/users\/1"}],"replies":[{"embeddable":true,"href":"http:\/\/cenaffif.nat.tn\/index.php\/wp-json\/wp\/v2\/comments?post=203"}],"version-history":[{"count":2,"href":"http:\/\/cenaffif.nat.tn\/index.php\/wp-json\/wp\/v2\/posts\/203\/revisions"}],"predecessor-version":[{"id":207,"href":"http:\/\/cenaffif.nat.tn\/index.php\/wp-json\/wp\/v2\/posts\/203\/revisions\/207"}],"wp:featuredmedia":[{"embeddable":true,"href":"http:\/\/cenaffif.nat.tn\/index.php\/wp-json\/wp\/v2\/media\/206"}],"wp:attachment":[{"href":"http:\/\/cenaffif.nat.tn\/index.php\/wp-json\/wp\/v2\/media?parent=203"}],"wp:term":[{"taxonomy":"category","embeddable":true,"href":"http:\/\/cenaffif.nat.tn\/index.php\/wp-json\/wp\/v2\/categories?post=203"},{"taxonomy":"post_tag","embeddable":true,"href":"http:\/\/cenaffif.nat.tn\/index.php\/wp-json\/wp\/v2\/tags?post=203"}],"curies":[{"name":"wp","href":"https:\/\/api.w.org\/{rel}","templated":true}]}}